{"id":878,"date":"2018-01-25T21:39:48","date_gmt":"2018-01-25T20:39:48","guid":{"rendered":"http:\/\/www.maures-developpement.fr\/?p=878"},"modified":"2021-03-19T16:59:10","modified_gmt":"2021-03-19T15:59:10","slug":"25-janvier-2018-conference-de-jm-couve-a-lassemblee-generale-du-rotary-club-du-golfe-de-saint-tropez","status":"publish","type":"post","link":"http:\/\/www.maures-developpement.fr\/index.php\/2018\/01\/25\/25-janvier-2018-conference-de-jm-couve-a-lassemblee-generale-du-rotary-club-du-golfe-de-saint-tropez\/","title":{"rendered":"25 Janvier 2018\u00a0: Conf\u00e9rence de JM COUVE, \u00e0\u00a0l&rsquo;assembl\u00e9e g\u00e9n\u00e9rale du Rotary Club du Golfe de Saint Tropez"},"content":{"rendered":"\t\t<div data-elementor-type=\"wp-post\" data-elementor-id=\"878\" class=\"elementor elementor-878\" data-elementor-settings=\"[]\">\n\t\t\t\t\t\t<div class=\"elementor-inner\">\n\t\t\t\t\t\t\t<div class=\"elementor-section-wrap\">\n\t\t\t\t\t\t\t<section class=\"elementor-section elementor-top-section elementor-element elementor-element-3f9b4c26 elementor-section-boxed elementor-section-height-default elementor-section-height-default\" data-id=\"3f9b4c26\" data-element_type=\"section\">\n\t\t\t\t\t\t<div class=\"elementor-container elementor-column-gap-default\">\n\t\t\t\t\t\t\t<div class=\"elementor-row\">\n\t\t\t\t\t<div class=\"elementor-column elementor-col-100 elementor-top-column elementor-element elementor-element-5b8b2ecc\" data-id=\"5b8b2ecc\" data-element_type=\"column\">\n\t\t\t<div class=\"elementor-column-wrap elementor-element-populated\">\n\t\t\t\t\t\t\t<div class=\"elementor-widget-wrap\">\n\t\t\t\t\t\t<div class=\"elementor-element elementor-element-3a59c287 elementor-widget elementor-widget-text-editor\" data-id=\"3a59c287\" data-element_type=\"widget\" data-widget_type=\"text-editor.default\">\n\t\t\t\t<div class=\"elementor-widget-container\">\n\t\t\t\t\t<div class=\"elementor-text-editor elementor-clearfix\"><p>A l&rsquo;Assembl\u00e9e G\u00e9n\u00e9rale du \u00ab\u00a0<span style=\"text-decoration: underline;\"><strong>Rotary Club du Golfe de Saint Tropez<\/strong><\/span>\u00a0\u00bb qui s&rsquo;est d\u00e9roul\u00e9e \u00e0 La Croix-Valmer, Jean-Michel COUVE a donn\u00e9 une conf\u00e9rence sur le th\u00e8me <em><strong>\u00ab Les Maures, un territoire d\u2019exception. Le\u00a0label UNESCO-GEOPARC, un projet d\u2019avenir\u00a0\u00bb.<\/strong><\/em><\/p><p>Ci dessous le support de conf\u00e9rence pr\u00e9sentant :<\/p><ol><li>Le territoire des Maures<\/li><li>Le projet \u00ab\u00a0UNESCO \u2013 G\u00c9OPARC des Maures\u00a0\u00bb<\/li><li>Les travaux de l\u2019association MDD<\/li><li>Les avanc\u00e9es du dossier \u00ab\u00a0UNESCO \u2013 G\u00c9OPARC\u00a0\u00bb<\/li><\/ol><p style=\"text-align: center;\"><a href=\"http:\/\/www.maures-developpement.fr\/wp-content\/uploads\/2018\/07\/Les-Maures-un-territoire-d-exception.pdf\" target=\"_blank\" rel=\"noopener\"><img loading=\"lazy\" class=\"size-large wp-image-1546 aligncenter\" src=\"http:\/\/www.maures-developpement.fr\/wp-content\/uploads\/2018\/07\/Les-Maures-un-territoire-d-exception-1024x768.jpg\" alt=\"\" width=\"1024\" height=\"768\" srcset=\"http:\/\/www.maures-developpement.fr\/wp-content\/uploads\/2018\/07\/Les-Maures-un-territoire-d-exception-1024x768.jpg 1024w, http:\/\/www.maures-developpement.fr\/wp-content\/uploads\/2018\/07\/Les-Maures-un-territoire-d-exception-300x225.jpg 300w, http:\/\/www.maures-developpement.fr\/wp-content\/uploads\/2018\/07\/Les-Maures-un-territoire-d-exception-768x576.jpg 768w\" sizes=\"(max-width: 1024px) 100vw, 1024px\" \/><\/a>\u00a0<a href=\"http:\/\/www.maures-developpement.fr\/wp-content\/uploads\/2018\/07\/Les-Maures-un-territoire-d-exception.pdf\" target=\"_blank\" rel=\"noopener\"><em>Pour consulter le support de conf\u00e9rence dans son int\u00e9gralit\u00e9,\u00a0<\/em><em>cliquer ICI ou directement sur l\u2019image ci dessus.<\/em><\/a><\/p><p><strong>\u00a0<\/strong><\/p><\/div>\n\t\t\t\t<\/div>\n\t\t\t\t<\/div>\n\t\t\t\t\t\t<\/div>\n\t\t\t\t\t<\/div>\n\t\t<\/div>\n\t\t\t\t\t\t\t\t<\/div>\n\t\t\t\t\t<\/div>\n\t\t<\/section>\n\t\t\t\t\t\t<\/div>\n\t\t\t\t\t\t<\/div>\n\t\t\t\t\t<\/div>\n\t\t","protected":false},"excerpt":{"rendered":"<p>&#46;&#46;&#46;<\/p>\n","protected":false},"author":2,"featured_media":1546,"comment_status":"closed","ping_status":"closed","sticky":false,"template":"","format":"standard","meta":[],"categories":[24],"tags":[],"_links":{"self":[{"href":"http:\/\/www.maures-developpement.fr\/index.php\/wp-json\/wp\/v2\/posts\/878"}],"collection":[{"href":"http:\/\/www.maures-developpement.fr\/index.php\/wp-json\/wp\/v2\/posts"}],"about":[{"href":"http:\/\/www.maures-developpement.fr\/index.php\/wp-json\/wp\/v2\/types\/post"}],"author":[{"embeddable":true,"href":"http:\/\/www.maures-developpement.fr\/index.php\/wp-json\/wp\/v2\/users\/2"}],"replies":[{"embeddable":true,"href":"http:\/\/www.maures-developpement.fr\/index.php\/wp-json\/wp\/v2\/comments?post=878"}],"version-history":[{"count":11,"href":"http:\/\/www.maures-developpement.fr\/index.php\/wp-json\/wp\/v2\/posts\/878\/revisions"}],"predecessor-version":[{"id":1773,"href":"http:\/\/www.maures-developpement.fr\/index.php\/wp-json\/wp\/v2\/posts\/878\/revisions\/1773"}],"wp:featuredmedia":[{"embeddable":true,"href":"http:\/\/www.maures-developpement.fr\/index.php\/wp-json\/wp\/v2\/media\/1546"}],"wp:attachment":[{"href":"http:\/\/www.maures-developpement.fr\/index.php\/wp-json\/wp\/v2\/media?parent=878"}],"wp:term":[{"taxonomy":"category","embeddable":true,"href":"http:\/\/www.maures-developpement.fr\/index.php\/wp-json\/wp\/v2\/categories?post=878"},{"taxonomy":"post_tag","embeddable":true,"href":"http:\/\/www.maures-developpement.fr\/index.php\/wp-json\/wp\/v2\/tags?post=878"}],"curies":[{"name":"wp","href":"https:\/\/api.w.org\/{rel}","templated":true}]}}