{"id":2163,"date":"2020-10-23T09:51:25","date_gmt":"2020-10-23T07:51:25","guid":{"rendered":"http:\/\/www.maures-developpement.fr\/?p=2163"},"modified":"2021-03-19T16:51:32","modified_gmt":"2021-03-19T15:51:32","slug":"23-octobre-2020-assemblee-generale-ordinaire-de-lassociation-mdd-au-cannet-des-maures","status":"publish","type":"post","link":"http:\/\/www.maures-developpement.fr\/index.php\/2020\/10\/23\/23-octobre-2020-assemblee-generale-ordinaire-de-lassociation-mdd-au-cannet-des-maures\/","title":{"rendered":"23 Octobre 2020 : Assembl\u00e9e G\u00e9n\u00e9rale Ordinaire de l&rsquo;association MDD au Cannet des Maures"},"content":{"rendered":"\t\t<div data-elementor-type=\"wp-post\" data-elementor-id=\"2163\" class=\"elementor elementor-2163\" data-elementor-settings=\"[]\">\n\t\t\t\t\t\t<div class=\"elementor-inner\">\n\t\t\t\t\t\t\t<div class=\"elementor-section-wrap\">\n\t\t\t\t\t\t\t<section class=\"elementor-section elementor-top-section elementor-element elementor-element-224cc33 elementor-section-boxed elementor-section-height-default elementor-section-height-default\" data-id=\"224cc33\" data-element_type=\"section\">\n\t\t\t\t\t\t<div class=\"elementor-container elementor-column-gap-default\">\n\t\t\t\t\t\t\t<div class=\"elementor-row\">\n\t\t\t\t\t<div class=\"elementor-column elementor-col-100 elementor-top-column elementor-element elementor-element-6025ce5\" data-id=\"6025ce5\" data-element_type=\"column\">\n\t\t\t<div class=\"elementor-column-wrap elementor-element-populated\">\n\t\t\t\t\t\t\t<div class=\"elementor-widget-wrap\">\n\t\t\t\t\t\t<div class=\"elementor-element elementor-element-947aefb elementor-widget elementor-widget-text-editor\" data-id=\"947aefb\" data-element_type=\"widget\" data-widget_type=\"text-editor.default\">\n\t\t\t\t<div class=\"elementor-widget-container\">\n\t\t\t\t\t<div class=\"elementor-text-editor elementor-clearfix\"><p>L\u2019Assembl\u00e9e\u00a0 G\u00e9n\u00e9rale Ordinaire de l\u2019association MDD s\u2019est d\u00e9roul\u00e9e au Cannet des Maures, le 23\/10\/2020.<\/p><p>Au cours de cette r\u00e9union un certain nombre de documents ont \u00e9t\u00e9 pr\u00e9sent\u00e9s.<\/p><p>Vous trouverez la liste des annexes consultables en dessous du compte-rendu.<\/p><p>Ci-dessous le compte-rendu de la r\u00e9union :<\/p><p><a href=\"http:\/\/www.maures-developpement.fr\/wp-content\/uploads\/2020\/10\/MDD-AG-23102020-2.pdf\" target=\"_blank\" rel=\"noopener\"><img loading=\"lazy\" class=\"aligncenter\" src=\"http:\/\/www.maures-developpement.fr\/wp-content\/uploads\/2020\/10\/MDD-AG-23102020.jpg\" alt=\"\" width=\"960\" height=\"720\" \/><\/a><\/p><p style=\"text-align: center;\"><a href=\"http:\/\/www.maures-developpement.fr\/wp-content\/uploads\/2020\/10\/MDD-AG-23102020-2.pdf\" target=\"_blank\" rel=\"noopener\"><em>Pour consulter le compte rendu dans son int\u00e9gralit\u00e9,\u00a0<\/em><em>cliquer ICI ou directement sur l\u2019image ci dessus<\/em><em>.<\/em><\/a><\/p><\/div>\n\t\t\t\t<\/div>\n\t\t\t\t<\/div>\n\t\t\t\t\t\t<\/div>\n\t\t\t\t\t<\/div>\n\t\t<\/div>\n\t\t\t\t\t\t\t\t<\/div>\n\t\t\t\t\t<\/div>\n\t\t<\/section>\n\t\t\t\t<section class=\"elementor-section elementor-top-section elementor-element elementor-element-b0452d4 elementor-section-boxed elementor-section-height-default elementor-section-height-default\" data-id=\"b0452d4\" data-element_type=\"section\">\n\t\t\t\t\t\t<div class=\"elementor-container elementor-column-gap-default\">\n\t\t\t\t\t\t\t<div class=\"elementor-row\">\n\t\t\t\t\t<div class=\"elementor-column elementor-col-100 elementor-top-column elementor-element elementor-element-95a2dd3\" data-id=\"95a2dd3\" data-element_type=\"column\">\n\t\t\t<div class=\"elementor-column-wrap elementor-element-populated\">\n\t\t\t\t\t\t\t<div class=\"elementor-widget-wrap\">\n\t\t\t\t\t\t<div class=\"elementor-element elementor-element-855d551 elementor-widget elementor-widget-text-editor\" data-id=\"855d551\" data-element_type=\"widget\" data-widget_type=\"text-editor.default\">\n\t\t\t\t<div class=\"elementor-widget-container\">\n\t\t\t\t\t<div class=\"elementor-text-editor elementor-clearfix\"><div style=\"line-height: 90%; margin-top: 7.5pt; margin-bottom: 0pt; margin-left: 0.44in; text-indent: -0.44in; direction: ltr; unicode-bidi: embed; word-break: normal; text-align: center;\"><span style=\"text-decoration: underline; color: #333333;\"><span style=\"text-decoration: underline;\"><span style=\"font-size: 18.0pt;\"><span style=\"mso-special-format: 'numbullet7\\,1'; font-family: Arial;\">ANNEXES<\/span><\/span><\/span><\/span><\/div><p>\u00a0<\/p><p><strong><span style=\"text-decoration: underline;\"><em>Pour consulter les documents, cliquer sur le titre de ceux-ci :<br \/><\/em><\/span><\/strong><\/p><p>0.<a href=\"http:\/\/www.maures-developpement.fr\/wp-content\/uploads\/2020\/10\/ANNEXES-COMPT.pdf\" target=\"_blank\" rel=\"noopener\"> Annexes comptables<\/a><strong><span style=\"text-decoration: underline;\"><em><br \/><\/em><\/span><\/strong><\/p><p>I. <a href=\"http:\/\/www.maures-developpement.fr\/wp-content\/uploads\/2020\/10\/Nos-motivations-Sept.2020.pdf\" target=\"_blank\" rel=\"noopener\">Nos motivations : Dossier candidature au label \u00ab\u00a0UNESCO-G\u00e9oparc\/Maures-Est\u00e9rel (septembre 2020)<\/a><\/p><p>II. <a href=\"http:\/\/www.maures-developpement.fr\/wp-content\/uploads\/2020\/10\/VISITE-\u00e0-l\u2019UNESCO-GEOPARC-de-HAUTE-PROVENCE.pdf\" target=\"_blank\" rel=\"noopener\">Visite \u00e0 l\u2019UNESCO-GEOPARC de Haute-Provence \u00e0 Digne (UG HP) le 23 09 2020<\/a><\/p><p>III. <a href=\"http:\/\/www.maures-developpement.fr\/wp-content\/uploads\/2020\/09\/Convention-de-lEntente-UG-HP.pdf\" target=\"_blank\" rel=\"noopener\">Contexte et objectifs de l\u2019Entente intercommunale de l\u2019UG HP<\/a><\/p><p>IV. <a href=\"http:\/\/www.maures-developpement.fr\/wp-content\/uploads\/2020\/10\/VAR-MATIN-02102020.jpg\" target=\"_blank\" rel=\"noopener\">Rencontre avec l\u2019Association de Protection du Patrimoine du Muy. Article de Var Matin du 02\/10\/20<\/a><\/p><p>V. <a href=\"http:\/\/www.maures-developpement.fr\/wp-content\/uploads\/2020\/10\/Axes-de-travail-\u00e9tudiants-2020-2021.pdf\" target=\"_blank\" rel=\"noopener\">Axes de Travail pour les \u00e9tudiants de licence Pro\/Tourisme- Universit\u00e9 de Toulon-La Garde \u2013 ann\u00e9e universitaire 2020-2021<\/a><\/p><p>VI. <a href=\"http:\/\/www.maures-developpement.fr\/wp-content\/uploads\/2020\/10\/PRESENTATION-ET-ANALYSE-CRITIQUE-DU-MEMOIRE-ETUDIANTS.pdf\" target=\"_blank\" rel=\"noopener\">Analyse de leur m\u00e9moire 2019- 2020<\/a><\/p><p>VII.<a href=\"http:\/\/www.maures-developpement.fr\/wp-content\/uploads\/2020\/10\/ANALYSE-ET-RESUME-PROJET-TUTEURE-ETUDIANTS.pdf\" target=\"_blank\" rel=\"noopener\"> R\u00e9sum\u00e9 du m\u00e9moire UTLN 2019-2020<\/a><\/p><p>VIII.<a href=\"http:\/\/www.maures-developpement.fr\/wp-content\/uploads\/2020\/10\/5-Photos-UG-M-E-2.pdf\" target=\"_blank\" rel=\"noopener\"> 5 photos du p\u00e9rim\u00e8tre \u00ab\u00a0UNESCO-G\u00e9oparc\/ Maures-Est\u00e9rel\u00a0\u00bb<\/a><\/p><p>IX. Nouveaux membres du \u00ab\u00a0Conseil d\u2019Orientation scientifique et culturel\u00a0\u00bb (le COSC)<\/p><p style=\"padding-left: 30px;\">I. <a href=\"http:\/\/www.maures-developpement.fr\/wp-content\/uploads\/2020\/10\/Mme-Vinciguerra-Cerami.pdf\" target=\"_blank\" rel=\"noopener\">Mme Vinciguerra-Cerami<\/a><\/p><p style=\"padding-left: 30px;\">II. <a href=\"http:\/\/www.maures-developpement.fr\/wp-content\/uploads\/2020\/10\/Mme-Verati.pdf\" target=\"_blank\" rel=\"noopener\">Mme Verati<\/a><\/p><p>X. <a href=\"http:\/\/www.maures-developpement.fr\/wp-content\/uploads\/2020\/10\/JML_Note-synth\u00e8se_OCT.2020-4.pdf\" target=\"_blank\" rel=\"noopener\">Rapport d\u2019\u00e9tape du COSC \u00ab\u00a0Note de synth\u00e8se\u00a0\u00bb de JM Lardeaux, Pr\u00e9sident du COSC\u00a0<\/a><\/p><\/div>\n\t\t\t\t<\/div>\n\t\t\t\t<\/div>\n\t\t\t\t\t\t<\/div>\n\t\t\t\t\t<\/div>\n\t\t<\/div>\n\t\t\t\t\t\t\t\t<\/div>\n\t\t\t\t\t<\/div>\n\t\t<\/section>\n\t\t\t\t\t\t<\/div>\n\t\t\t\t\t\t<\/div>\n\t\t\t\t\t<\/div>\n\t\t","protected":false},"excerpt":{"rendered":"<p>&#46;&#46;&#46;<\/p>\n","protected":false},"author":2,"featured_media":2167,"comment_status":"closed","ping_status":"closed","sticky":false,"template":"","format":"standard","meta":[],"categories":[26],"tags":[],"_links":{"self":[{"href":"http:\/\/www.maures-developpement.fr\/index.php\/wp-json\/wp\/v2\/posts\/2163"}],"collection":[{"href":"http:\/\/www.maures-developpement.fr\/index.php\/wp-json\/wp\/v2\/posts"}],"about":[{"href":"http:\/\/www.maures-developpement.fr\/index.php\/wp-json\/wp\/v2\/types\/post"}],"author":[{"embeddable":true,"href":"http:\/\/www.maures-developpement.fr\/index.php\/wp-json\/wp\/v2\/users\/2"}],"replies":[{"embeddable":true,"href":"http:\/\/www.maures-developpement.fr\/index.php\/wp-json\/wp\/v2\/comments?post=2163"}],"version-history":[{"count":14,"href":"http:\/\/www.maures-developpement.fr\/index.php\/wp-json\/wp\/v2\/posts\/2163\/revisions"}],"predecessor-version":[{"id":2207,"href":"http:\/\/www.maures-developpement.fr\/index.php\/wp-json\/wp\/v2\/posts\/2163\/revisions\/2207"}],"wp:featuredmedia":[{"embeddable":true,"href":"http:\/\/www.maures-developpement.fr\/index.php\/wp-json\/wp\/v2\/media\/2167"}],"wp:attachment":[{"href":"http:\/\/www.maures-developpement.fr\/index.php\/wp-json\/wp\/v2\/media?parent=2163"}],"wp:term":[{"taxonomy":"category","embeddable":true,"href":"http:\/\/www.maures-developpement.fr\/index.php\/wp-json\/wp\/v2\/categories?post=2163"},{"taxonomy":"post_tag","embeddable":true,"href":"http:\/\/www.maures-developpement.fr\/index.php\/wp-json\/wp\/v2\/tags?post=2163"}],"curies":[{"name":"wp","href":"https:\/\/api.w.org\/{rel}","templated":true}]}}