{"id":1450,"date":"2020-03-21T23:54:47","date_gmt":"2020-03-21T22:54:47","guid":{"rendered":"http:\/\/www.maures-developpement.fr\/?p=1450"},"modified":"2021-03-19T16:52:55","modified_gmt":"2021-03-19T15:52:55","slug":"21-mars-2020-remise-du-memoire-des-etudiantes-en-licence-pro-tourisme-2019-2020-de-luniversite-de-toulon-la-garde","status":"publish","type":"post","link":"http:\/\/www.maures-developpement.fr\/index.php\/2020\/03\/21\/21-mars-2020-remise-du-memoire-des-etudiantes-en-licence-pro-tourisme-2019-2020-de-luniversite-de-toulon-la-garde\/","title":{"rendered":"21 Mars 2020 :  M\u00e9moire de fin d&rsquo;ann\u00e9e des \u00e9tudiantes en Licence Pro Tourisme"},"content":{"rendered":"\t\t<div data-elementor-type=\"wp-post\" data-elementor-id=\"1450\" class=\"elementor elementor-1450\" data-elementor-settings=\"[]\">\n\t\t\t\t\t\t<div class=\"elementor-inner\">\n\t\t\t\t\t\t\t<div class=\"elementor-section-wrap\">\n\t\t\t\t\t\t\t<section class=\"elementor-section elementor-top-section elementor-element elementor-element-f288581 elementor-section-boxed elementor-section-height-default elementor-section-height-default\" data-id=\"f288581\" data-element_type=\"section\">\n\t\t\t\t\t\t<div class=\"elementor-container elementor-column-gap-default\">\n\t\t\t\t\t\t\t<div class=\"elementor-row\">\n\t\t\t\t\t<div class=\"elementor-column elementor-col-100 elementor-top-column elementor-element elementor-element-32ce132\" data-id=\"32ce132\" data-element_type=\"column\">\n\t\t\t<div class=\"elementor-column-wrap elementor-element-populated\">\n\t\t\t\t\t\t\t<div class=\"elementor-widget-wrap\">\n\t\t\t\t\t\t<div class=\"elementor-element elementor-element-182f366 elementor-widget elementor-widget-text-editor\" data-id=\"182f366\" data-element_type=\"widget\" data-widget_type=\"text-editor.default\">\n\t\t\t\t<div class=\"elementor-widget-container\">\n\t\t\t\t\t<div class=\"elementor-text-editor elementor-clearfix\"><p><strong><span style=\"text-decoration: underline;\">Les \u00e9tudiants de Licence Pro \u00ab\u00a0Tourisme\u00a0\u00bb<\/span><\/strong> de\u00a0l\u2019Universit\u00e9 de Toulon \/ La Garde remettent leur m\u00e9moire de fin d\u2019ann\u00e9e universitaire.<\/p><p>Ce travail a \u00e9t\u00e9 effectu\u00e9 en collaboration avec l\u2019association MDD, sur le <strong>projet de labellisation UNESCO-GEOPARC des MAURES<\/strong> dans le cadre de la convention triennale MDD \/ UTLN.<\/p><p><strong>Ci-dessous, le m\u00e9moire des \u00e9tudiants :<\/strong><\/p><p style=\"text-align: center;\"><a href=\"http:\/\/www.maures-developpement.fr\/wp-content\/uploads\/2020\/03\/Le-territoire-Maures-Est\u00e9rel-candidat-au-label-_UNESCO-GEOPARC_03-2020.pdf\" target=\"_blank\" rel=\"noopener\"><img loading=\"lazy\" class=\"size-large wp-image-1458 aligncenter\" src=\"http:\/\/www.maures-developpement.fr\/wp-content\/uploads\/2020\/03\/Le-territoire-Maures-Est\u00e9rel-candidat-au-label-_UNESCO-GEOPARC_03-2020-1-1024x587.jpg\" alt=\"\" width=\"1024\" height=\"587\" srcset=\"http:\/\/www.maures-developpement.fr\/wp-content\/uploads\/2020\/03\/Le-territoire-Maures-Est\u00e9rel-candidat-au-label-_UNESCO-GEOPARC_03-2020-1-1024x587.jpg 1024w, http:\/\/www.maures-developpement.fr\/wp-content\/uploads\/2020\/03\/Le-territoire-Maures-Est\u00e9rel-candidat-au-label-_UNESCO-GEOPARC_03-2020-1-300x172.jpg 300w, http:\/\/www.maures-developpement.fr\/wp-content\/uploads\/2020\/03\/Le-territoire-Maures-Est\u00e9rel-candidat-au-label-_UNESCO-GEOPARC_03-2020-1-768x441.jpg 768w\" sizes=\"(max-width: 1024px) 100vw, 1024px\" \/><\/a>\u00a0 <a href=\"http:\/\/wp-content\/uploads\/2020\/03\/Le-territoire-Maures-Est\u00e9rel-candidat-au-label-_UNESCO-GEOPARC_03-2020.pdf\" target=\"_blank\" rel=\"noopener\" data-wplink-url-error=\"true\"><em>Pour consulter le m\u00e9moire dans son int\u00e9gralit\u00e9,\u00a0<\/em><em>cliquer ICI ou directement sur l\u2019image ci dessus.<\/em><\/a><\/p><p><strong>Ci-dessous, la pr\u00e9sentation et analyse critique du m\u00e9moire :<\/strong><\/p><p style=\"text-align: center;\"><a href=\"http:\/\/www.maures-developpement.fr\/wp-content\/uploads\/2020\/03\/ANALYSE-CRITIQUE-DU-MEMOIRE.pdf\" target=\"_blank\" rel=\"noopener\"><img loading=\"lazy\" class=\"size-large wp-image-1962 aligncenter\" src=\"http:\/\/www.maures-developpement.fr\/wp-content\/uploads\/2020\/03\/ANALYSE-CRITIQUE-DU-MEMOIRE-724x1024.jpg\" alt=\"\" width=\"724\" height=\"1024\" srcset=\"http:\/\/www.maures-developpement.fr\/wp-content\/uploads\/2020\/03\/ANALYSE-CRITIQUE-DU-MEMOIRE-724x1024.jpg 724w, http:\/\/www.maures-developpement.fr\/wp-content\/uploads\/2020\/03\/ANALYSE-CRITIQUE-DU-MEMOIRE-212x300.jpg 212w, http:\/\/www.maures-developpement.fr\/wp-content\/uploads\/2020\/03\/ANALYSE-CRITIQUE-DU-MEMOIRE-768x1086.jpg 768w\" sizes=\"(max-width: 724px) 100vw, 724px\" \/><\/a>\u00a0<a href=\"http:\/\/www.maures-developpement.fr\/wp-content\/uploads\/2020\/03\/ANALYSE-CRITIQUE-DU-MEMOIRE.pdf\" target=\"_blank\" rel=\"noopener\"><em>Pour consulter le document dans son int\u00e9gralit\u00e9,\u00a0<\/em><em>cliquer ICI ou directement sur l\u2019image ci dessus.<\/em>\u00a0<\/a><\/p><\/div>\n\t\t\t\t<\/div>\n\t\t\t\t<\/div>\n\t\t\t\t\t\t<\/div>\n\t\t\t\t\t<\/div>\n\t\t<\/div>\n\t\t\t\t\t\t\t\t<\/div>\n\t\t\t\t\t<\/div>\n\t\t<\/section>\n\t\t\t\t\t\t<\/div>\n\t\t\t\t\t\t<\/div>\n\t\t\t\t\t<\/div>\n\t\t","protected":false},"excerpt":{"rendered":"<p>&#46;&#46;&#46;<\/p>\n","protected":false},"author":2,"featured_media":1458,"comment_status":"closed","ping_status":"closed","sticky":false,"template":"","format":"standard","meta":[],"categories":[26],"tags":[],"_links":{"self":[{"href":"http:\/\/www.maures-developpement.fr\/index.php\/wp-json\/wp\/v2\/posts\/1450"}],"collection":[{"href":"http:\/\/www.maures-developpement.fr\/index.php\/wp-json\/wp\/v2\/posts"}],"about":[{"href":"http:\/\/www.maures-developpement.fr\/index.php\/wp-json\/wp\/v2\/types\/post"}],"author":[{"embeddable":true,"href":"http:\/\/www.maures-developpement.fr\/index.php\/wp-json\/wp\/v2\/users\/2"}],"replies":[{"embeddable":true,"href":"http:\/\/www.maures-developpement.fr\/index.php\/wp-json\/wp\/v2\/comments?post=1450"}],"version-history":[{"count":13,"href":"http:\/\/www.maures-developpement.fr\/index.php\/wp-json\/wp\/v2\/posts\/1450\/revisions"}],"predecessor-version":[{"id":1963,"href":"http:\/\/www.maures-developpement.fr\/index.php\/wp-json\/wp\/v2\/posts\/1450\/revisions\/1963"}],"wp:featuredmedia":[{"embeddable":true,"href":"http:\/\/www.maures-developpement.fr\/index.php\/wp-json\/wp\/v2\/media\/1458"}],"wp:attachment":[{"href":"http:\/\/www.maures-developpement.fr\/index.php\/wp-json\/wp\/v2\/media?parent=1450"}],"wp:term":[{"taxonomy":"category","embeddable":true,"href":"http:\/\/www.maures-developpement.fr\/index.php\/wp-json\/wp\/v2\/categories?post=1450"},{"taxonomy":"post_tag","embeddable":true,"href":"http:\/\/www.maures-developpement.fr\/index.php\/wp-json\/wp\/v2\/tags?post=1450"}],"curies":[{"name":"wp","href":"https:\/\/api.w.org\/{rel}","templated":true}]}}