{"id":1196,"date":"2020-01-31T15:31:43","date_gmt":"2020-01-31T14:31:43","guid":{"rendered":"http:\/\/www.maures-developpement.fr\/?p=1196"},"modified":"2021-03-19T16:53:07","modified_gmt":"2021-03-19T15:53:07","slug":"31-janvier-2020-reunion-du-groupe-action-restaurant-terracota-a-grimaud","status":"publish","type":"post","link":"http:\/\/www.maures-developpement.fr\/index.php\/2020\/01\/31\/31-janvier-2020-reunion-du-groupe-action-restaurant-terracota-a-grimaud\/","title":{"rendered":"31 Janvier 2020 : R\u00e9union du \u00ab\u00a0Groupe Action\u00a0\u00bb \u00e0 Grimaud"},"content":{"rendered":"\t\t<div data-elementor-type=\"wp-post\" data-elementor-id=\"1196\" class=\"elementor elementor-1196\" data-elementor-settings=\"[]\">\n\t\t\t\t\t\t<div class=\"elementor-inner\">\n\t\t\t\t\t\t\t<div class=\"elementor-section-wrap\">\n\t\t\t\t\t\t\t<section class=\"elementor-section elementor-top-section elementor-element elementor-element-76f7c23c elementor-section-boxed elementor-section-height-default elementor-section-height-default\" data-id=\"76f7c23c\" data-element_type=\"section\">\n\t\t\t\t\t\t<div class=\"elementor-container elementor-column-gap-default\">\n\t\t\t\t\t\t\t<div class=\"elementor-row\">\n\t\t\t\t\t<div class=\"elementor-column elementor-col-100 elementor-top-column elementor-element elementor-element-6b1be541\" data-id=\"6b1be541\" data-element_type=\"column\">\n\t\t\t<div class=\"elementor-column-wrap elementor-element-populated\">\n\t\t\t\t\t\t\t<div class=\"elementor-widget-wrap\">\n\t\t\t\t\t\t<div class=\"elementor-element elementor-element-147475e4 elementor-widget elementor-widget-text-editor\" data-id=\"147475e4\" data-element_type=\"widget\" data-widget_type=\"text-editor.default\">\n\t\t\t\t<div class=\"elementor-widget-container\">\n\t\t\t\t\t<div class=\"elementor-text-editor elementor-clearfix\"><p>Voici les \u00e9l\u00e9ments abord\u00e9s lors de cette r\u00e9union : <u style=\"font-weight: bold;\"><br \/><\/u><\/p><p><strong>&#8211; <\/strong>Rappel des th\u00e8mes de l&rsquo;assembl\u00e9e g\u00e9n\u00e9rale du 14 d\u00e9cembre 2019<\/p><p>&#8211; Compte rendu des rencontres avec <span style=\"text-decoration: underline;\"><strong>Fr\u00e9d\u00e9ric Masquelier<\/strong><\/span>, Maire de Saint Rapha\u00ebl, <strong><span style=\"text-decoration: underline;\">Roland Bertora<\/span>,<\/strong> Pr\u00e9sident de la Communaut\u00e9 d&rsquo;agglom\u00e9ration Var- Est-M\u00e9ditrran\u00e9e et <span style=\"text-decoration: underline;\"><strong>Eric de Wispelaere,<\/strong><\/span> Sous Pr\u00e9fet de Draguignan.<\/p><p>&#8211; Arr\u00eat\u00e9 d&rsquo;attribution de la subvention de 20 000 \u20ac par la R\u00e9gion Sud PACA.<\/p><p>&#8211; Ren\u00e9gociation de la convention MDD \/ CNRS-UNSA.<\/p><p>&#8211; Programme pr\u00e9visionnel du 1er semestre 2020.<\/p><p>&#8211; Prochaine r\u00e9union du \u00ab\u00a0Conseil d&rsquo; Orientation Scientifique et Culturel\u00a0\u00bb (COSC) le 07\/02 prochain au Coll\u00e8ge Pierre de Coubertin, au Luc en Provence.<\/p><p>Ci dessous le compte rendu de la r\u00e9union :<\/p><p style=\"text-align: center;\"><a href=\"http:\/\/www.maures-developpement.fr\/wp-content\/uploads\/2020\/01\/CR-Action-31-01-20.pdf\" target=\"_blank\" rel=\"noopener\"><img loading=\"lazy\" class=\"size-large wp-image-1738 aligncenter\" src=\"http:\/\/www.maures-developpement.fr\/wp-content\/uploads\/2020\/01\/CR-Action-31-01-20-745x1024.jpg\" alt=\"\" width=\"745\" height=\"1024\" srcset=\"http:\/\/www.maures-developpement.fr\/wp-content\/uploads\/2020\/01\/CR-Action-31-01-20-745x1024.jpg 745w, http:\/\/www.maures-developpement.fr\/wp-content\/uploads\/2020\/01\/CR-Action-31-01-20-218x300.jpg 218w, http:\/\/www.maures-developpement.fr\/wp-content\/uploads\/2020\/01\/CR-Action-31-01-20-768x1056.jpg 768w, http:\/\/www.maures-developpement.fr\/wp-content\/uploads\/2020\/01\/CR-Action-31-01-20.jpg 1700w\" sizes=\"(max-width: 745px) 100vw, 745px\" \/><\/a>\u00a0<a href=\"http:\/\/www.maures-developpement.fr\/wp-content\/uploads\/2020\/01\/CR-Action-31-01-20.pdf\" target=\"_blank\" rel=\"noopener\"><em>Pour consulter le compte rendu dans son int\u00e9gralit\u00e9,\u00a0<\/em><em>cliquer ICI ou directement sur l\u2019image ci dessus.<\/em><\/a><\/p><\/div>\n\t\t\t\t<\/div>\n\t\t\t\t<\/div>\n\t\t\t\t\t\t<\/div>\n\t\t\t\t\t<\/div>\n\t\t<\/div>\n\t\t\t\t\t\t\t\t<\/div>\n\t\t\t\t\t<\/div>\n\t\t<\/section>\n\t\t\t\t\t\t<\/div>\n\t\t\t\t\t\t<\/div>\n\t\t\t\t\t<\/div>\n\t\t","protected":false},"excerpt":{"rendered":"<p>&#46;&#46;&#46;<\/p>\n","protected":false},"author":2,"featured_media":1738,"comment_status":"closed","ping_status":"closed","sticky":false,"template":"","format":"standard","meta":[],"categories":[26],"tags":[],"_links":{"self":[{"href":"http:\/\/www.maures-developpement.fr\/index.php\/wp-json\/wp\/v2\/posts\/1196"}],"collection":[{"href":"http:\/\/www.maures-developpement.fr\/index.php\/wp-json\/wp\/v2\/posts"}],"about":[{"href":"http:\/\/www.maures-developpement.fr\/index.php\/wp-json\/wp\/v2\/types\/post"}],"author":[{"embeddable":true,"href":"http:\/\/www.maures-developpement.fr\/index.php\/wp-json\/wp\/v2\/users\/2"}],"replies":[{"embeddable":true,"href":"http:\/\/www.maures-developpement.fr\/index.php\/wp-json\/wp\/v2\/comments?post=1196"}],"version-history":[{"count":7,"href":"http:\/\/www.maures-developpement.fr\/index.php\/wp-json\/wp\/v2\/posts\/1196\/revisions"}],"predecessor-version":[{"id":1792,"href":"http:\/\/www.maures-developpement.fr\/index.php\/wp-json\/wp\/v2\/posts\/1196\/revisions\/1792"}],"wp:featuredmedia":[{"embeddable":true,"href":"http:\/\/www.maures-developpement.fr\/index.php\/wp-json\/wp\/v2\/media\/1738"}],"wp:attachment":[{"href":"http:\/\/www.maures-developpement.fr\/index.php\/wp-json\/wp\/v2\/media?parent=1196"}],"wp:term":[{"taxonomy":"category","embeddable":true,"href":"http:\/\/www.maures-developpement.fr\/index.php\/wp-json\/wp\/v2\/categories?post=1196"},{"taxonomy":"post_tag","embeddable":true,"href":"http:\/\/www.maures-developpement.fr\/index.php\/wp-json\/wp\/v2\/tags?post=1196"}],"curies":[{"name":"wp","href":"https:\/\/api.w.org\/{rel}","templated":true}]}}