{"id":1188,"date":"2019-12-16T15:21:30","date_gmt":"2019-12-16T14:21:30","guid":{"rendered":"http:\/\/www.maures-developpement.fr\/?p=1188"},"modified":"2021-03-19T16:54:45","modified_gmt":"2021-03-19T15:54:45","slug":"16-decembre-2019-rencontre-jm-couve-et-b-mignucci-avec-e-de-wispelaere-sous-prefet-de-larrondissement-de-draguignan","status":"publish","type":"post","link":"http:\/\/www.maures-developpement.fr\/index.php\/2019\/12\/16\/16-decembre-2019-rencontre-jm-couve-et-b-mignucci-avec-e-de-wispelaere-sous-prefet-de-larrondissement-de-draguignan\/","title":{"rendered":"16 D\u00e9cembre 2019 : Rencontre entre JM. Couve,  B. Mignucci et E.de Wispelaere, Sous Pr\u00e9fet de l&rsquo;arrondissement de Draguignan"},"content":{"rendered":"\t\t<div data-elementor-type=\"wp-post\" data-elementor-id=\"1188\" class=\"elementor elementor-1188\" data-elementor-settings=\"[]\">\n\t\t\t\t\t\t<div class=\"elementor-inner\">\n\t\t\t\t\t\t\t<div class=\"elementor-section-wrap\">\n\t\t\t\t\t\t\t<section class=\"elementor-section elementor-top-section elementor-element elementor-element-6585f09e elementor-section-boxed elementor-section-height-default elementor-section-height-default\" data-id=\"6585f09e\" data-element_type=\"section\">\n\t\t\t\t\t\t<div class=\"elementor-container elementor-column-gap-default\">\n\t\t\t\t\t\t\t<div class=\"elementor-row\">\n\t\t\t\t\t<div class=\"elementor-column elementor-col-100 elementor-top-column elementor-element elementor-element-76176e21\" data-id=\"76176e21\" data-element_type=\"column\">\n\t\t\t<div class=\"elementor-column-wrap elementor-element-populated\">\n\t\t\t\t\t\t\t<div class=\"elementor-widget-wrap\">\n\t\t\t\t\t\t<div class=\"elementor-element elementor-element-36b72195 elementor-widget elementor-widget-text-editor\" data-id=\"36b72195\" data-element_type=\"widget\" data-widget_type=\"text-editor.default\">\n\t\t\t\t<div class=\"elementor-widget-container\">\n\t\t\t\t\t<div class=\"elementor-text-editor elementor-clearfix\"><p>Lors de cette rencontre <span style=\"text-decoration: underline;\"><strong>JM. Couve<\/strong><\/span> et <span style=\"text-decoration: underline;\"><strong>B. Mignucc<\/strong><\/span>i ont pr\u00e9sent\u00e9 le dossier de participation de l&rsquo;association MDD au Contrat de Transition Ecologique (CTE) \u00e0 <span style=\"text-decoration: underline;\"><strong>E. de Wispelaere<\/strong><\/span>.<\/p><p><strong>E. de Wispelaere<\/strong> propose \u00e0 l&rsquo;association de solliciter le soutien financier des cr\u00e9dits du FNADT.<\/p><\/div>\n\t\t\t\t<\/div>\n\t\t\t\t<\/div>\n\t\t\t\t\t\t<\/div>\n\t\t\t\t\t<\/div>\n\t\t<\/div>\n\t\t\t\t\t\t\t\t<\/div>\n\t\t\t\t\t<\/div>\n\t\t<\/section>\n\t\t\t\t\t\t<\/div>\n\t\t\t\t\t\t<\/div>\n\t\t\t\t\t<\/div>\n\t\t","protected":false},"excerpt":{"rendered":"<p>&#46;&#46;&#46;<\/p>\n","protected":false},"author":2,"featured_media":0,"comment_status":"closed","ping_status":"closed","sticky":false,"template":"","format":"standard","meta":[],"categories":[25],"tags":[],"_links":{"self":[{"href":"http:\/\/www.maures-developpement.fr\/index.php\/wp-json\/wp\/v2\/posts\/1188"}],"collection":[{"href":"http:\/\/www.maures-developpement.fr\/index.php\/wp-json\/wp\/v2\/posts"}],"about":[{"href":"http:\/\/www.maures-developpement.fr\/index.php\/wp-json\/wp\/v2\/types\/post"}],"author":[{"embeddable":true,"href":"http:\/\/www.maures-developpement.fr\/index.php\/wp-json\/wp\/v2\/users\/2"}],"replies":[{"embeddable":true,"href":"http:\/\/www.maures-developpement.fr\/index.php\/wp-json\/wp\/v2\/comments?post=1188"}],"version-history":[{"count":4,"href":"http:\/\/www.maures-developpement.fr\/index.php\/wp-json\/wp\/v2\/posts\/1188\/revisions"}],"predecessor-version":[{"id":1717,"href":"http:\/\/www.maures-developpement.fr\/index.php\/wp-json\/wp\/v2\/posts\/1188\/revisions\/1717"}],"wp:attachment":[{"href":"http:\/\/www.maures-developpement.fr\/index.php\/wp-json\/wp\/v2\/media?parent=1188"}],"wp:term":[{"taxonomy":"category","embeddable":true,"href":"http:\/\/www.maures-developpement.fr\/index.php\/wp-json\/wp\/v2\/categories?post=1188"},{"taxonomy":"post_tag","embeddable":true,"href":"http:\/\/www.maures-developpement.fr\/index.php\/wp-json\/wp\/v2\/tags?post=1188"}],"curies":[{"name":"wp","href":"https:\/\/api.w.org\/{rel}","templated":true}]}}